{"id":10069,"date":"2017-05-02T13:46:58","date_gmt":"2017-05-02T11:46:58","guid":{"rendered":"https:\/\/luxury-rental-mc.com\/?p=10069"},"modified":"2017-05-02T13:46:58","modified_gmt":"2017-05-02T11:46:58","slug":"la-fete-des-roses-des-plantes-la-celebre-villa-ephrussi-de-rothschild","status":"publish","type":"post","link":"https:\/\/luxury-rental-mc.com\/fr\/la-fete-des-roses-des-plantes-la-celebre-villa-ephrussi-de-rothschild\/","title":{"rendered":"\u00ab\u00a0La F\u00eate des Roses &#038; des Plantes\u00a0\u00bb \u00e0 la c\u00e9l\u00e8bre Villa Ephrussi de Rothschild"},"content":{"rendered":"<p style=\"text-align: justify;\">Les jardins de la c\u00e9l\u00e8bre Villa Ephrussi de Rothschild sur la presqu&rsquo;\u00eele de Saint-Jean Cap-Ferrat aura le plaisir d&rsquo;accueillir cette ann\u00e9e le 6 et 7 mai la F\u00eate des Roses et des Plantes. Pour l&rsquo;occasion, de nombreux exposants internationaux seront la pour pr\u00e9senter leurs cr\u00e9ations. Le parfumeur grassois, Fragonard vous fera d\u00e9couvrir de nombreuses fragrances, ainsi le rosi\u00e9riste venu d&rsquo;Italie Nino Sanremo et la confiserie Florian qui ont annonc\u00e9 leur retour seront pr\u00e9sents. De talentueux peintres tels que Alexandra Otieva, Franck Picault ou Maria Pia Luly Jones exposeront leurs plus belles toiles.<\/p>\n<p style=\"text-align: justify;\">Vous pourrez contempler toutes sortes de fleurs et plantes, de la plus classique \u00e0 la plus exotique, \u00e9couter des conf\u00e9rences botaniques, admirer de nombreux tableaux, d\u00e9couvrir de nombreux s\u00e9nateurs&#8230;<\/p>\n<p style=\"text-align: justify;\">Rosi\u00e9ristes, p\u00e9pini\u00e9ristes et professionnels de l\u2019univers des jardins seront la pour vous faire d\u00e9couvrir leurs talents. Vous \u00eates invit\u00e9s \u00e0 vous balader entre bassins et rosiers grimpants, \u00e0 suivre des visites guid\u00e9es botaniques&#8230; Toute la famille est convi\u00e9e, les activit\u00e9s s\u00e9duirons les enfants comme les plus grands.<\/p>\n<p style=\"text-align: justify;\"><img loading=\"lazy\" class=\"aligncenter  wp-image-10064\" src=\"https:\/\/luxury-rental-mc.com\/wp-content\/uploads\/2017\/05\/villa_ephrussi-1024x687.jpg\" alt=\"\" width=\"643\" height=\"432\" srcset=\"https:\/\/luxury-rental-mc.com\/wp-content\/uploads\/2017\/05\/villa_ephrussi-1024x687.jpg 1024w, https:\/\/luxury-rental-mc.com\/wp-content\/uploads\/2017\/05\/villa_ephrussi-300x201.jpg 300w, https:\/\/luxury-rental-mc.com\/wp-content\/uploads\/2017\/05\/villa_ephrussi-768x515.jpg 768w, https:\/\/luxury-rental-mc.com\/wp-content\/uploads\/2017\/05\/villa_ephrussi.jpg 1913w\" sizes=\"(max-width: 643px) 100vw, 643px\" \/><\/p>\n<p style=\"text-align: justify;\">Les 9 jardins qui entourent ce majestueux Palais de la C\u00f4te d&rsquo;Azur comptent parmi les jardins les plus beaux de la M\u00e9diterran\u00e9e, ne manquez pas de les admirer ! De plus vous d\u00e9couvrirez un panorama exceptionnel.<\/p>\n<p style=\"text-align: justify;\">L&rsquo;\u00e9l\u00e9gante propri\u00e9t\u00e9 dispose d&rsquo;un Salon de Th\u00e9 dominant de sa terrasse la magnifique commune de Villefranche-sur-Mer. Ou vous pourrez notamment apercevoir notre nouvelle agence Rental Car Company situ\u00e9e 1330 boulevard Napol\u00e9on III 06230 Villefranche sur mer.<\/p>\n<p style=\"text-align: justify;\">Vous pourrez vous y installer pour contempler cette magnifique vue surplombant la Mer M\u00e9diterran\u00e9e et profitez d&rsquo;une pause gourmande.<\/p>\n<p style=\"text-align: justify;\">Si vous avez \u00e9t\u00e9 conquis par ce lieu inattendu, vous aurez l&rsquo;honneur de pouvoir organiser un cocktail, une r\u00e9ception, un d\u00eener de gala ou bien un mariage dans ce lieu culturel et somptueux \u00e0 cette occasion vous pouvez ajouter un peu de fun et louer\u00a0 Ferrari ou encore louer lamborghini une fois votre choix fait pr\u00e9parez vous pour une drive exp\u00e9rience.<\/p>\n<p style=\"text-align: justify;\">Pour se rendre \u00e0 cet \u00e9v\u00e9nement, nous disposons d&rsquo;\u00e9l\u00e9gants v\u00e9hicules qui feront bonne impression, tels qu&rsquo;une louer <a href=\"https:\/\/luxury-rental-mc.com\/fr\/location-voiture\/bentley-gtc\">Bentley GTC<\/a> ou de louer Mercedes Classe C Cabriolet qui vous permettra de profiter du soleil printanier.<\/p>\n<p style=\"text-align: justify;\">Si vous pr\u00e9f\u00e9rez laisser place \u00e0 votre chauffeur, pourquoi ne pas tenter la Rolls Royce Wraith ou la Mercedes Classe S limousine ? Elles vous offriront tout le confort et l&rsquo;image attendue.<\/p>\n<p style=\"text-align: justify;\">Vous pr\u00e9f\u00e9rez pilotez vous m\u00eame une luxueuse berline ? Optez pour une Porsche Panamera ou une BMW Serie 7 limousine.<\/p>\n<p style=\"text-align: justify;\">Vous participez \u00e0 l&rsquo;\u00e9v\u00e9nement en couple et vous aimez les sensations exceptionnelles ? Testez la sportive, Ferrari 488 GTB Spider ou bien une Porsche 911 Carrera 4 S cabriolet !<\/p>\n<p style=\"text-align: justify;\">Vous souhaitez rester discret ? Optez pour une Audi TT coup\u00e9 ou une BMW S\u00e9rie 4 coup\u00e9.<\/p>\n<p style=\"text-align: justify;\">Habitu\u00e9 aux imposants 4&#215;4 et SUV ? Choisissez un magnifique Range Rover, mod\u00e8le Sport ou Vogue, ou bien tournez vous vers un Mercedes GL !<\/p>\n<p style=\"text-align: justify;\">Nous vous invitons \u00e0 consulter la rubrique \u00ab\u00a0Voitures de luxe\u00a0\u00bb pour consulter l&rsquo;ensemble des v\u00e9hicules disponibles ainsi que les tarifs et cautions appliqu\u00e9s.<\/p>\n<p style=\"text-align: justify;\">Professionnels de la location de v\u00e9hicules haut de gamme et de prestige sur Monaco, nous offrons le meilleur \u00e0 nos clients. Nous effectuons des prestations sur mesure pour mieux vous servir. Nous livrons les v\u00e9hicules sur le lieu de votre choix. Votre avion arrive au Terminal 2 de l&rsquo;a\u00e9roport de Nice Provence-Alpes-Cote d&rsquo;Azur ? Notre \u00e9quipe sera sur place pour vous confier la voiture de vos r\u00eaves. Vous pr\u00e9f\u00e9rez \u00eatre confortablement install\u00e9s avant de prendre place au volant d&rsquo;une Supercar ? Nous vous livrerons le bolide devant votre h\u00f4tel, qu&rsquo;il se trouve \u00e0 Cannes, ou \u00e0 Eze-sur-Mer. Vous s\u00e9journez dans votre villa \u00e0 Saint-Tropez ? Nous d\u00e9livrerons le v\u00e9hicule au sein de votre propri\u00e9t\u00e9. Autant de possibilit\u00e9s que d&rsquo;envies&#8230;<\/p>\n","protected":false},"excerpt":{"rendered":"<p>Les jardins de la c\u00e9l\u00e8bre Villa Ephrussi de Rothschild sur la presqu&rsquo;\u00eele de Saint-Jean Cap-Ferrat aura le plaisir d&rsquo;accueillir cette ann\u00e9e le 6 et 7 mai la F\u00eate des Roses et des Plantes. Pour l&rsquo;occasion, de nombreux exposants internationaux seront la pour pr\u00e9senter leurs cr\u00e9ations. Le parfumeur grassois, Fragonard vous fera d\u00e9couvrir de nombreuses fragrances, [&hellip;]<\/p>\n","protected":false},"author":1,"featured_media":10063,"comment_status":"closed","ping_status":"closed","sticky":false,"template":"","format":"standard","meta":{"_monsterinsights_skip_tracking":false,"_monsterinsights_sitenote_active":false,"_monsterinsights_sitenote_note":"","_monsterinsights_sitenote_category":0},"categories":[164],"tags":[],"yoast_head":"<!-- This site is optimized with the Yoast SEO plugin v20.3 - https:\/\/yoast.com\/wordpress\/plugins\/seo\/ -->\n<title>&quot;La F\u00eate des Roses &amp; des Plantes&quot; \u00e0 la c\u00e9l\u00e8bre Villa Ephrussi de Rothschild - Luxury Car Rentals | Monaco, Nice, Cannes, Saint-Tropez<\/title>\n<meta name=\"robots\" content=\"index, follow, max-snippet:-1, max-image-preview:large, max-video-preview:-1\" \/>\n<link rel=\"canonical\" href=\"https:\/\/luxury-rental-mc.com\/fr\/la-fete-des-roses-des-plantes-la-celebre-villa-ephrussi-de-rothschild\/\" \/>\n<meta property=\"og:locale\" content=\"fr_FR\" \/>\n<meta property=\"og:type\" content=\"article\" \/>\n<meta property=\"og:title\" content=\"&quot;La F\u00eate des Roses &amp; des Plantes&quot; \u00e0 la c\u00e9l\u00e8bre Villa Ephrussi de Rothschild - Luxury Car Rentals | Monaco, Nice, Cannes, Saint-Tropez\" \/>\n<meta property=\"og:description\" content=\"Les jardins de la c\u00e9l\u00e8bre Villa Ephrussi de Rothschild sur la presqu&rsquo;\u00eele de Saint-Jean Cap-Ferrat aura le plaisir d&rsquo;accueillir cette ann\u00e9e le 6 et 7 mai la F\u00eate des Roses et des Plantes. Pour l&rsquo;occasion, de nombreux exposants internationaux seront la pour pr\u00e9senter leurs cr\u00e9ations. Le parfumeur grassois, Fragonard vous fera d\u00e9couvrir de nombreuses fragrances, [&hellip;]\" \/>\n<meta property=\"og:url\" content=\"https:\/\/luxury-rental-mc.com\/fr\/la-fete-des-roses-des-plantes-la-celebre-villa-ephrussi-de-rothschild\/\" \/>\n<meta property=\"og:site_name\" content=\"Luxury Car Rentals | Monaco, Nice, Cannes, Saint-Tropez\" \/>\n<meta property=\"article:published_time\" content=\"2017-05-02T11:46:58+00:00\" \/>\n<meta property=\"og:image\" content=\"https:\/\/luxury-rental-mc.com\/wp-content\/uploads\/2017\/05\/fte-roses-et-plantes.jpg\" \/>\n\t<meta property=\"og:image:width\" content=\"960\" \/>\n\t<meta property=\"og:image:height\" content=\"688\" \/>\n\t<meta property=\"og:image:type\" content=\"image\/jpeg\" \/>\n<meta name=\"author\" content=\"Luxury Car Rental\" \/>\n<meta name=\"twitter:label1\" content=\"\u00c9crit par\" \/>\n\t<meta name=\"twitter:data1\" content=\"Luxury Car Rental\" \/>\n\t<meta name=\"twitter:label2\" content=\"Dur\u00e9e de lecture estim\u00e9e\" \/>\n\t<meta name=\"twitter:data2\" content=\"3 minutes\" \/>\n<script type=\"application\/ld+json\" class=\"yoast-schema-graph\">{\"@context\":\"https:\/\/schema.org\",\"@graph\":[{\"@type\":\"WebPage\",\"@id\":\"https:\/\/luxury-rental-mc.com\/fr\/la-fete-des-roses-des-plantes-la-celebre-villa-ephrussi-de-rothschild\/\",\"url\":\"https:\/\/luxury-rental-mc.com\/fr\/la-fete-des-roses-des-plantes-la-celebre-villa-ephrussi-de-rothschild\/\",\"name\":\"\\\"La F\u00eate des Roses & des Plantes\\\" \u00e0 la c\u00e9l\u00e8bre Villa Ephrussi de Rothschild - Luxury Car Rentals | Monaco, Nice, Cannes, Saint-Tropez\",\"isPartOf\":{\"@id\":\"https:\/\/luxury-rental-mc.com\/#website\"},\"datePublished\":\"2017-05-02T11:46:58+00:00\",\"dateModified\":\"2017-05-02T11:46:58+00:00\",\"author\":{\"@id\":\"https:\/\/luxury-rental-mc.com\/#\/schema\/person\/b089261fe5634f63add1129ded53d6f5\"},\"breadcrumb\":{\"@id\":\"https:\/\/luxury-rental-mc.com\/fr\/la-fete-des-roses-des-plantes-la-celebre-villa-ephrussi-de-rothschild\/#breadcrumb\"},\"inLanguage\":\"fr-FR\",\"potentialAction\":[{\"@type\":\"ReadAction\",\"target\":[\"https:\/\/luxury-rental-mc.com\/fr\/la-fete-des-roses-des-plantes-la-celebre-villa-ephrussi-de-rothschild\/\"]}]},{\"@type\":\"BreadcrumbList\",\"@id\":\"https:\/\/luxury-rental-mc.com\/fr\/la-fete-des-roses-des-plantes-la-celebre-villa-ephrussi-de-rothschild\/#breadcrumb\",\"itemListElement\":[{\"@type\":\"ListItem\",\"position\":1,\"name\":\"Accueil\",\"item\":\"https:\/\/luxury-rental-mc.com\/fr\/\"},{\"@type\":\"ListItem\",\"position\":2,\"name\":\"\u00ab\u00a0La F\u00eate des Roses &#038; des Plantes\u00a0\u00bb \u00e0 la c\u00e9l\u00e8bre Villa Ephrussi de Rothschild\"}]},{\"@type\":\"WebSite\",\"@id\":\"https:\/\/luxury-rental-mc.com\/#website\",\"url\":\"https:\/\/luxury-rental-mc.com\/\",\"name\":\"Luxury Car Rentals | Monaco, Nice, Cannes, Saint-Tropez\",\"description\":\"Rent the finest brands : Porsche, Ferrari, Lamborghini, Mercedes...\",\"potentialAction\":[{\"@type\":\"SearchAction\",\"target\":{\"@type\":\"EntryPoint\",\"urlTemplate\":\"https:\/\/luxury-rental-mc.com\/?s={search_term_string}\"},\"query-input\":\"required name=search_term_string\"}],\"inLanguage\":\"fr-FR\"},{\"@type\":\"Person\",\"@id\":\"https:\/\/luxury-rental-mc.com\/#\/schema\/person\/b089261fe5634f63add1129ded53d6f5\",\"name\":\"Luxury Car Rental\",\"url\":\"https:\/\/luxury-rental-mc.com\/fr\/author\/admin\/\"}]}<\/script>\n<!-- \/ Yoast SEO plugin. -->","yoast_head_json":{"title":"\"La F\u00eate des Roses & des Plantes\" \u00e0 la c\u00e9l\u00e8bre Villa Ephrussi de Rothschild - Luxury Car Rentals | Monaco, Nice, Cannes, Saint-Tropez","robots":{"index":"index","follow":"follow","max-snippet":"max-snippet:-1","max-image-preview":"max-image-preview:large","max-video-preview":"max-video-preview:-1"},"canonical":"https:\/\/luxury-rental-mc.com\/fr\/la-fete-des-roses-des-plantes-la-celebre-villa-ephrussi-de-rothschild\/","og_locale":"fr_FR","og_type":"article","og_title":"\"La F\u00eate des Roses & des Plantes\" \u00e0 la c\u00e9l\u00e8bre Villa Ephrussi de Rothschild - Luxury Car Rentals | Monaco, Nice, Cannes, Saint-Tropez","og_description":"Les jardins de la c\u00e9l\u00e8bre Villa Ephrussi de Rothschild sur la presqu&rsquo;\u00eele de Saint-Jean Cap-Ferrat aura le plaisir d&rsquo;accueillir cette ann\u00e9e le 6 et 7 mai la F\u00eate des Roses et des Plantes. Pour l&rsquo;occasion, de nombreux exposants internationaux seront la pour pr\u00e9senter leurs cr\u00e9ations. Le parfumeur grassois, Fragonard vous fera d\u00e9couvrir de nombreuses fragrances, [&hellip;]","og_url":"https:\/\/luxury-rental-mc.com\/fr\/la-fete-des-roses-des-plantes-la-celebre-villa-ephrussi-de-rothschild\/","og_site_name":"Luxury Car Rentals | Monaco, Nice, Cannes, Saint-Tropez","article_published_time":"2017-05-02T11:46:58+00:00","og_image":[{"width":960,"height":688,"url":"https:\/\/luxury-rental-mc.com\/wp-content\/uploads\/2017\/05\/fte-roses-et-plantes.jpg","type":"image\/jpeg"}],"author":"Luxury Car Rental","twitter_misc":{"\u00c9crit par":"Luxury Car Rental","Dur\u00e9e de lecture estim\u00e9e":"3 minutes"},"schema":{"@context":"https:\/\/schema.org","@graph":[{"@type":"WebPage","@id":"https:\/\/luxury-rental-mc.com\/fr\/la-fete-des-roses-des-plantes-la-celebre-villa-ephrussi-de-rothschild\/","url":"https:\/\/luxury-rental-mc.com\/fr\/la-fete-des-roses-des-plantes-la-celebre-villa-ephrussi-de-rothschild\/","name":"\"La F\u00eate des Roses & des Plantes\" \u00e0 la c\u00e9l\u00e8bre Villa Ephrussi de Rothschild - Luxury Car Rentals | Monaco, Nice, Cannes, Saint-Tropez","isPartOf":{"@id":"https:\/\/luxury-rental-mc.com\/#website"},"datePublished":"2017-05-02T11:46:58+00:00","dateModified":"2017-05-02T11:46:58+00:00","author":{"@id":"https:\/\/luxury-rental-mc.com\/#\/schema\/person\/b089261fe5634f63add1129ded53d6f5"},"breadcrumb":{"@id":"https:\/\/luxury-rental-mc.com\/fr\/la-fete-des-roses-des-plantes-la-celebre-villa-ephrussi-de-rothschild\/#breadcrumb"},"inLanguage":"fr-FR","potentialAction":[{"@type":"ReadAction","target":["https:\/\/luxury-rental-mc.com\/fr\/la-fete-des-roses-des-plantes-la-celebre-villa-ephrussi-de-rothschild\/"]}]},{"@type":"BreadcrumbList","@id":"https:\/\/luxury-rental-mc.com\/fr\/la-fete-des-roses-des-plantes-la-celebre-villa-ephrussi-de-rothschild\/#breadcrumb","itemListElement":[{"@type":"ListItem","position":1,"name":"Accueil","item":"https:\/\/luxury-rental-mc.com\/fr\/"},{"@type":"ListItem","position":2,"name":"\u00ab\u00a0La F\u00eate des Roses &#038; des Plantes\u00a0\u00bb \u00e0 la c\u00e9l\u00e8bre Villa Ephrussi de Rothschild"}]},{"@type":"WebSite","@id":"https:\/\/luxury-rental-mc.com\/#website","url":"https:\/\/luxury-rental-mc.com\/","name":"Luxury Car Rentals | Monaco, Nice, Cannes, Saint-Tropez","description":"Rent the finest brands : Porsche, Ferrari, Lamborghini, Mercedes...","potentialAction":[{"@type":"SearchAction","target":{"@type":"EntryPoint","urlTemplate":"https:\/\/luxury-rental-mc.com\/?s={search_term_string}"},"query-input":"required name=search_term_string"}],"inLanguage":"fr-FR"},{"@type":"Person","@id":"https:\/\/luxury-rental-mc.com\/#\/schema\/person\/b089261fe5634f63add1129ded53d6f5","name":"Luxury Car Rental","url":"https:\/\/luxury-rental-mc.com\/fr\/author\/admin\/"}]}},"_links":{"self":[{"href":"https:\/\/luxury-rental-mc.com\/fr\/wp-json\/wp\/v2\/posts\/10069\/"}],"collection":[{"href":"https:\/\/luxury-rental-mc.com\/fr\/wp-json\/wp\/v2\/posts\/"}],"about":[{"href":"https:\/\/luxury-rental-mc.com\/fr\/wp-json\/wp\/v2\/types\/post\/"}],"author":[{"embeddable":true,"href":"https:\/\/luxury-rental-mc.com\/fr\/wp-json\/wp\/v2\/users\/1\/"}],"replies":[{"embeddable":true,"href":"https:\/\/luxury-rental-mc.com\/fr\/wp-json\/wp\/v2\/comments\/?post=10069"}],"version-history":[{"count":1,"href":"https:\/\/luxury-rental-mc.com\/fr\/wp-json\/wp\/v2\/posts\/10069\/revisions\/"}],"predecessor-version":[{"id":10070,"href":"https:\/\/luxury-rental-mc.com\/fr\/wp-json\/wp\/v2\/posts\/10069\/revisions\/10070\/"}],"wp:featuredmedia":[{"embeddable":true,"href":"https:\/\/luxury-rental-mc.com\/fr\/wp-json\/wp\/v2\/media\/10063\/"}],"wp:attachment":[{"href":"https:\/\/luxury-rental-mc.com\/fr\/wp-json\/wp\/v2\/media\/?parent=10069"}],"wp:term":[{"taxonomy":"category","embeddable":true,"href":"https:\/\/luxury-rental-mc.com\/fr\/wp-json\/wp\/v2\/categories\/?post=10069"},{"taxonomy":"post_tag","embeddable":true,"href":"https:\/\/luxury-rental-mc.com\/fr\/wp-json\/wp\/v2\/tags\/?post=10069"}],"curies":[{"name":"wp","href":"https:\/\/api.w.org\/{rel}","templated":true}]}}