{"id":10914,"date":"2018-05-04T14:12:15","date_gmt":"2018-05-04T12:12:15","guid":{"rendered":"https:\/\/luxury-rental-mc.com?p=10914"},"modified":"2018-05-04T14:12:15","modified_gmt":"2018-05-04T12:12:15","slug":"louer-le-mercedes-benz-classe-v-le-van-de-prestige","status":"publish","type":"post","link":"https:\/\/luxury-rental-mc.com\/fr\/louer-le-mercedes-benz-classe-v-le-van-de-prestige\/","title":{"rendered":"Louer le Mercedes Benz Classe V, le van de prestige !"},"content":{"rendered":"<div>\n<div>Sp\u00e9cialistes de la location de v\u00e9hicules Premium et de luxe sur Monaco depuis 2010, notre agence de location de voitures met \u00e0 votre disposition plusieurs types de Mercedes-Benz Classe V, tels de la Mercedes-Benz Classe V Long ou Mercedes-Benz Classe V ExtraLong.<\/div>\n<div>Pour plus de dynamisme lors de votre location, tous nos Mercedes-Benz Classe V sont \u00e9quip\u00e9s de boites automatiques et de la motorisation 250 d.<\/div>\n<div>Nous avons choisi pour vous une configuration haut de gamme du van de luxe, la <a href=\"https:\/\/luxury-rental-mc.com\/fr\/location-voiture\/mercedes-class-v\">location Mercedes-Benz Classe V<\/a>.<\/div>\n<div>Nos Mercedes Classe V250d b\u00e9n\u00e9ficient de tous les \u00e9quipements et options pour vous offrir un confort et une s\u00e9curit\u00e9 optimale. Navigation GPS, sellerie cuir, climatisation quadri-zone, portes \u00e9lectriques, bluetooth, cam\u00e9ra 360\u00b0, radars de stationnement\u2026<\/div>\n<\/div>\n<div>Le<strong> Mercedes Benz Classe V<\/strong> est le van de luxe qui vous permettra de savourer chaque kilom\u00e8tre lors de votre location.<\/div>\n<div><\/div>\n<div>Parmi nos services sur mesure, nous mettons \u00e0 votre disposition des offres adapt\u00e9es \u00e0 toutes vos envies. Notre logistique de transport et notre pr\u00e9sence dans de multiples villes nous permet de louer nos Mercedes-Benz Classe V Long et Extralong en Principaut\u00e9 de Monaco, en Europe et \u00e0 l\u2019\u00e9tranger.<\/div>\n<div><\/div>\n<div>Vous h\u00e9sitez encore dans le choix de votre moyen de transport ? Louez un minibus Mercedes Benz Classe V, il accueillera toute votre famille pour vos vacances \u00e0 Saint-Tropez. Le <strong>Mercedes Benz Classe V<\/strong> est capable de transporter jusqu\u2019\u00e0 8 personnes, autant dire que tout le monde y trouvera sa place. Dans sa version MB Classe V Extralong, ce monospace haut de gamme offrira m\u00eame de l\u2019espace pour tous vos bagages gr\u00e2ce \u00e0 son volume de coffre de 1410 L. Depuis sont dernier face lift, le Mercedes-Benz Classe V250d est nettement mont\u00e9 en gamme par rapport \u00e0 son pr\u00e9d\u00e9cesseur, le Mercedes Viano et son homonyme, le Mercedes-Benz Vito.<\/div>\n<div><\/div>\n<div>N\u2019attendez plus, r\u00e9servez d\u00e8s maintenant et louez votre minibus de prestige pour le Festival de Cannes ! Le Mercedes-Benz Classe V sera le v\u00e9hicule de location id\u00e9al pour vous d\u00e9placer dans Cannes et ses alentours (Mougins, Nice, Th\u00e9oule-sur-Mer) lors du Festival International du Film. Choisissez de vous faire livrer votre van de luxe, le Mercedes-Benz Classe V \u00e0 l\u2019a\u00e9roport international de Nice C\u00f4te d\u2019Azur ou \u00e0 l\u2019a\u00e9roport d\u2019aviation d\u2019affaires de Cannes-Mandelieu. Sur place, notre chauffeur se chargera de vous remettre les cl\u00e9s du v\u00e9hicule \u00e0 l\u2019heure convenue.<\/div>\n<div><\/div>\n<div><img loading=\"lazy\" class=\"aligncenter  wp-image-10916\" src=\"https:\/\/luxury-rental-mc.com\/wp-content\/uploads\/2018\/05\/img_2578-1024x1024.jpg\" alt=\"\" width=\"641\" height=\"641\" \/><\/div>\n<div><\/div>\n<h2>Louer un van Mercedes-Benz Classe V en longue dur\u00e9e \u00e0 Monaco<\/h2>\n<div><\/div>\n<div>Vous souhaitez louer un van <strong>Mercedes-Benz Classe V<\/strong> en longue dur\u00e9e \u00e0 Monaco ? Nous sommes \u00e0 m\u00eame de r\u00e9pondre \u00e0 vos attentes, en vous fournissant un van de luxe r\u00e9cent, b\u00e9n\u00e9ficiant d\u2019une immatriculation Mon\u00e9gasque. Que vous soyez particulier ou professionnel, choisissez de louer une voiture avec tous les services compris, vous n\u2019aurez plus \u00e0 vous soucier de l\u2019assurance, de l\u2019entretien ni du remplacement de votre Mercedes Benz Classe V.<\/div>\n<div>Pour plus d\u2019informations, contactez nos conseillers MC Luxury Rental ou consultez notre article consacr\u00e9 \u00e0 la location longue dur\u00e9e.<\/div>\n<div><\/div>\n<div>Lors de vos s\u00e9jours dans la prestigieuse station de ski de Courchevel 1850, optez pour la location d\u2019un Mercedes-Benz Classe V 4 Matic. Votre Mercedes-Benz Classe V250d 4 Matic de location vous permettra d\u2019effectuer tous vos trajets entre votre chalet \u00e0 la montagne et l\u2019a\u00e9roport de Gen\u00e8ve ou de Lyon. Ou encore d\u2019aller rendre visite \u00e0 vos amis dans la station de sport d\u2019hiver de Meg\u00e8ve ou Val Thorens.<\/div>\n<div>Pour assurer votre s\u00e9curit\u00e9 malgr\u00e9 des conditions m\u00e9t\u00e9orologiques extr\u00eames, notre soci\u00e9t\u00e9 de location de v\u00e9hicules MC Luxury Rental \u00e9quipe tous ses SUV, 4&#215;4 et vans 4 roues motrices en pneus hiver.<\/div>\n<div><\/div>\n<div>Vous ne savez pas encore quel v\u00e9hicule louer lors d&rsquo;un d\u00e9placement professionnel avec vos collaborateurs \u00e0 l&rsquo;occasion du Cannes Lions 2018 ? Pour le festival international de la cr\u00e9ativit\u00e9 et de la publicit\u00e9 (du 18 au 22 Juin 2018), rendez vous au Palais des Festivals avec la <a href=\"https:\/\/luxury-rental-mc.com\/fr\/location-voiture-luxe\/cannes\">location Mercedes-Benz Classe V Cannes<\/a>, confortablement install\u00e9 \u00e0 l\u2019arri\u00e8re de ce van de luxe vous renforcerez vos relations de travail. Vous pourrez choisir de tourner les si\u00e8ges en mode salon pour converser plus ais\u00e9ment. Vos partenaires et vous m\u00eame serez s\u00e9duits par l&rsquo;habitacle spacieux offrant 8 vraies places et par la qualit\u00e9 de finition du <strong>Mercedes-Benz Classe V<\/strong>.<\/div>\n<div><\/div>\n<div>Vous souhaitez changer d\u2019air en parcourant l\u2019Europe, de l\u2019Espagne, vers l\u2019Italie ou la Suisse en passant par la France ? Notre soci\u00e9t\u00e9 de location de v\u00e9hicules vous propose de louer un monospace Mercedes-Benz Classe V en aller-simple. Nous pouvons par exemple livrer votre voiture \u00e0 Marbella et au terme de votre location, notre chauffeur viendra r\u00e9cup\u00e9rer votre Mercedes-Benz Classe V Extralong \u00e0 Zurich ou encore \u00e0 Milan ou Rome. Notre \u00e9quipe MC Luxury Rental se rend flexible, disponible et \u00e0 l\u2019\u00e9coute de ses clients tout au long de l\u2019ann\u00e9e.<\/div>\n<div><\/div>\n<div>Pour encore plus de tranquillit\u00e9, nous vous recommandons de faire appel \u00e0 notre partenaire \u00ab\u00a0Rental Car Company\u00a0\u00bb bas\u00e9 \u00e0 Villefranche-sur-Mer, afin de r\u00e9server un transfert ou encore une mise \u00e0 disposition avec un chauffeur professionnel. La soci\u00e9t\u00e9 de location de v\u00e9hicules avec chauffeur Rental Car Company vous proposera ses services sur mesure de chauffeur priv\u00e9. Gr\u00e2ce \u00e0 leur \u00e9quipe de professionnels s\u00e9rieux et ponctuels, louer un Mercedes-Benz Classe V avec chauffeur n\u2019aura jamais \u00e9t\u00e9 aussi facile.<\/div>\n","protected":false},"excerpt":{"rendered":"<p>Sp\u00e9cialistes de la location de v\u00e9hicules Premium et de luxe sur Monaco depuis 2010, notre agence de location de voitures met \u00e0 votre disposition plusieurs types de Mercedes-Benz Classe V, tels de la Mercedes-Benz Classe V Long ou Mercedes-Benz Classe V ExtraLong. Pour plus de dynamisme lors de votre location, tous nos Mercedes-Benz Classe V [&hellip;]<\/p>\n","protected":false},"author":1,"featured_media":10915,"comment_status":"closed","ping_status":"closed","sticky":false,"template":"","format":"standard","meta":{"_monsterinsights_skip_tracking":false,"_monsterinsights_sitenote_active":false,"_monsterinsights_sitenote_note":"","_monsterinsights_sitenote_category":0},"categories":[164],"tags":[],"yoast_head":"<!-- This site is optimized with the Yoast SEO plugin v20.3 - https:\/\/yoast.com\/wordpress\/plugins\/seo\/ -->\n<title>Location Mercedes Benz classe V, louer van mercedes - LR MC<\/title>\n<meta name=\"robots\" content=\"index, follow, max-snippet:-1, max-image-preview:large, max-video-preview:-1\" \/>\n<link rel=\"canonical\" href=\"https:\/\/luxury-rental-mc.com\/fr\/louer-le-mercedes-benz-classe-v-le-van-de-prestige\/\" \/>\n<meta property=\"og:locale\" content=\"fr_FR\" \/>\n<meta property=\"og:type\" content=\"article\" \/>\n<meta property=\"og:title\" content=\"Location Mercedes Benz classe V, louer van mercedes - LR MC\" \/>\n<meta property=\"og:description\" content=\"Sp\u00e9cialistes de la location de v\u00e9hicules Premium et de luxe sur Monaco depuis 2010, notre agence de location de voitures met \u00e0 votre disposition plusieurs types de Mercedes-Benz Classe V, tels de la Mercedes-Benz Classe V Long ou Mercedes-Benz Classe V ExtraLong. Pour plus de dynamisme lors de votre location, tous nos Mercedes-Benz Classe V [&hellip;]\" \/>\n<meta property=\"og:url\" content=\"https:\/\/luxury-rental-mc.com\/fr\/louer-le-mercedes-benz-classe-v-le-van-de-prestige\/\" \/>\n<meta property=\"og:site_name\" content=\"Luxury Car Rentals | Monaco, Nice, Cannes, Saint-Tropez\" \/>\n<meta property=\"article:published_time\" content=\"2018-05-04T12:12:15+00:00\" \/>\n<meta property=\"og:image\" content=\"https:\/\/luxury-rental-mc.com\/wp-content\/uploads\/2018\/05\/img_2571.jpg\" \/>\n\t<meta property=\"og:image:width\" content=\"3595\" \/>\n\t<meta property=\"og:image:height\" content=\"2430\" \/>\n\t<meta property=\"og:image:type\" content=\"image\/jpeg\" \/>\n<meta name=\"author\" content=\"Luxury Car Rental\" \/>\n<meta name=\"twitter:label1\" content=\"\u00c9crit par\" \/>\n\t<meta name=\"twitter:data1\" content=\"Luxury Car Rental\" \/>\n\t<meta name=\"twitter:label2\" content=\"Dur\u00e9e de lecture estim\u00e9e\" \/>\n\t<meta name=\"twitter:data2\" content=\"4 minutes\" \/>\n<script type=\"application\/ld+json\" class=\"yoast-schema-graph\">{\"@context\":\"https:\/\/schema.org\",\"@graph\":[{\"@type\":\"WebPage\",\"@id\":\"https:\/\/luxury-rental-mc.com\/fr\/louer-le-mercedes-benz-classe-v-le-van-de-prestige\/\",\"url\":\"https:\/\/luxury-rental-mc.com\/fr\/louer-le-mercedes-benz-classe-v-le-van-de-prestige\/\",\"name\":\"Location Mercedes Benz classe V, louer van mercedes - LR MC\",\"isPartOf\":{\"@id\":\"https:\/\/luxury-rental-mc.com\/#website\"},\"datePublished\":\"2018-05-04T12:12:15+00:00\",\"dateModified\":\"2018-05-04T12:12:15+00:00\",\"author\":{\"@id\":\"https:\/\/luxury-rental-mc.com\/#\/schema\/person\/b089261fe5634f63add1129ded53d6f5\"},\"breadcrumb\":{\"@id\":\"https:\/\/luxury-rental-mc.com\/fr\/louer-le-mercedes-benz-classe-v-le-van-de-prestige\/#breadcrumb\"},\"inLanguage\":\"fr-FR\",\"potentialAction\":[{\"@type\":\"ReadAction\",\"target\":[\"https:\/\/luxury-rental-mc.com\/fr\/louer-le-mercedes-benz-classe-v-le-van-de-prestige\/\"]}]},{\"@type\":\"BreadcrumbList\",\"@id\":\"https:\/\/luxury-rental-mc.com\/fr\/louer-le-mercedes-benz-classe-v-le-van-de-prestige\/#breadcrumb\",\"itemListElement\":[{\"@type\":\"ListItem\",\"position\":1,\"name\":\"Accueil\",\"item\":\"https:\/\/luxury-rental-mc.com\/fr\/\"},{\"@type\":\"ListItem\",\"position\":2,\"name\":\"Louer le Mercedes Benz Classe V, le van de prestige !\"}]},{\"@type\":\"WebSite\",\"@id\":\"https:\/\/luxury-rental-mc.com\/#website\",\"url\":\"https:\/\/luxury-rental-mc.com\/\",\"name\":\"Luxury Car Rentals | Monaco, Nice, Cannes, Saint-Tropez\",\"description\":\"Rent the finest brands : Porsche, Ferrari, Lamborghini, Mercedes...\",\"potentialAction\":[{\"@type\":\"SearchAction\",\"target\":{\"@type\":\"EntryPoint\",\"urlTemplate\":\"https:\/\/luxury-rental-mc.com\/?s={search_term_string}\"},\"query-input\":\"required name=search_term_string\"}],\"inLanguage\":\"fr-FR\"},{\"@type\":\"Person\",\"@id\":\"https:\/\/luxury-rental-mc.com\/#\/schema\/person\/b089261fe5634f63add1129ded53d6f5\",\"name\":\"Luxury Car Rental\",\"url\":\"https:\/\/luxury-rental-mc.com\/fr\/author\/admin\/\"}]}<\/script>\n<!-- \/ Yoast SEO plugin. -->","yoast_head_json":{"title":"Location Mercedes Benz classe V, louer van mercedes - LR MC","robots":{"index":"index","follow":"follow","max-snippet":"max-snippet:-1","max-image-preview":"max-image-preview:large","max-video-preview":"max-video-preview:-1"},"canonical":"https:\/\/luxury-rental-mc.com\/fr\/louer-le-mercedes-benz-classe-v-le-van-de-prestige\/","og_locale":"fr_FR","og_type":"article","og_title":"Location Mercedes Benz classe V, louer van mercedes - LR MC","og_description":"Sp\u00e9cialistes de la location de v\u00e9hicules Premium et de luxe sur Monaco depuis 2010, notre agence de location de voitures met \u00e0 votre disposition plusieurs types de Mercedes-Benz Classe V, tels de la Mercedes-Benz Classe V Long ou Mercedes-Benz Classe V ExtraLong. Pour plus de dynamisme lors de votre location, tous nos Mercedes-Benz Classe V [&hellip;]","og_url":"https:\/\/luxury-rental-mc.com\/fr\/louer-le-mercedes-benz-classe-v-le-van-de-prestige\/","og_site_name":"Luxury Car Rentals | Monaco, Nice, Cannes, Saint-Tropez","article_published_time":"2018-05-04T12:12:15+00:00","og_image":[{"width":3595,"height":2430,"url":"https:\/\/luxury-rental-mc.com\/wp-content\/uploads\/2018\/05\/img_2571.jpg","type":"image\/jpeg"}],"author":"Luxury Car Rental","twitter_misc":{"\u00c9crit par":"Luxury Car Rental","Dur\u00e9e de lecture estim\u00e9e":"4 minutes"},"schema":{"@context":"https:\/\/schema.org","@graph":[{"@type":"WebPage","@id":"https:\/\/luxury-rental-mc.com\/fr\/louer-le-mercedes-benz-classe-v-le-van-de-prestige\/","url":"https:\/\/luxury-rental-mc.com\/fr\/louer-le-mercedes-benz-classe-v-le-van-de-prestige\/","name":"Location Mercedes Benz classe V, louer van mercedes - LR MC","isPartOf":{"@id":"https:\/\/luxury-rental-mc.com\/#website"},"datePublished":"2018-05-04T12:12:15+00:00","dateModified":"2018-05-04T12:12:15+00:00","author":{"@id":"https:\/\/luxury-rental-mc.com\/#\/schema\/person\/b089261fe5634f63add1129ded53d6f5"},"breadcrumb":{"@id":"https:\/\/luxury-rental-mc.com\/fr\/louer-le-mercedes-benz-classe-v-le-van-de-prestige\/#breadcrumb"},"inLanguage":"fr-FR","potentialAction":[{"@type":"ReadAction","target":["https:\/\/luxury-rental-mc.com\/fr\/louer-le-mercedes-benz-classe-v-le-van-de-prestige\/"]}]},{"@type":"BreadcrumbList","@id":"https:\/\/luxury-rental-mc.com\/fr\/louer-le-mercedes-benz-classe-v-le-van-de-prestige\/#breadcrumb","itemListElement":[{"@type":"ListItem","position":1,"name":"Accueil","item":"https:\/\/luxury-rental-mc.com\/fr\/"},{"@type":"ListItem","position":2,"name":"Louer le Mercedes Benz Classe V, le van de prestige !"}]},{"@type":"WebSite","@id":"https:\/\/luxury-rental-mc.com\/#website","url":"https:\/\/luxury-rental-mc.com\/","name":"Luxury Car Rentals | Monaco, Nice, Cannes, Saint-Tropez","description":"Rent the finest brands : Porsche, Ferrari, Lamborghini, Mercedes...","potentialAction":[{"@type":"SearchAction","target":{"@type":"EntryPoint","urlTemplate":"https:\/\/luxury-rental-mc.com\/?s={search_term_string}"},"query-input":"required name=search_term_string"}],"inLanguage":"fr-FR"},{"@type":"Person","@id":"https:\/\/luxury-rental-mc.com\/#\/schema\/person\/b089261fe5634f63add1129ded53d6f5","name":"Luxury Car Rental","url":"https:\/\/luxury-rental-mc.com\/fr\/author\/admin\/"}]}},"_links":{"self":[{"href":"https:\/\/luxury-rental-mc.com\/fr\/wp-json\/wp\/v2\/posts\/10914\/"}],"collection":[{"href":"https:\/\/luxury-rental-mc.com\/fr\/wp-json\/wp\/v2\/posts\/"}],"about":[{"href":"https:\/\/luxury-rental-mc.com\/fr\/wp-json\/wp\/v2\/types\/post\/"}],"author":[{"embeddable":true,"href":"https:\/\/luxury-rental-mc.com\/fr\/wp-json\/wp\/v2\/users\/1\/"}],"replies":[{"embeddable":true,"href":"https:\/\/luxury-rental-mc.com\/fr\/wp-json\/wp\/v2\/comments\/?post=10914"}],"version-history":[{"count":1,"href":"https:\/\/luxury-rental-mc.com\/fr\/wp-json\/wp\/v2\/posts\/10914\/revisions\/"}],"predecessor-version":[{"id":10917,"href":"https:\/\/luxury-rental-mc.com\/fr\/wp-json\/wp\/v2\/posts\/10914\/revisions\/10917\/"}],"wp:featuredmedia":[{"embeddable":true,"href":"https:\/\/luxury-rental-mc.com\/fr\/wp-json\/wp\/v2\/media\/10915\/"}],"wp:attachment":[{"href":"https:\/\/luxury-rental-mc.com\/fr\/wp-json\/wp\/v2\/media\/?parent=10914"}],"wp:term":[{"taxonomy":"category","embeddable":true,"href":"https:\/\/luxury-rental-mc.com\/fr\/wp-json\/wp\/v2\/categories\/?post=10914"},{"taxonomy":"post_tag","embeddable":true,"href":"https:\/\/luxury-rental-mc.com\/fr\/wp-json\/wp\/v2\/tags\/?post=10914"}],"curies":[{"name":"wp","href":"https:\/\/api.w.org\/{rel}","templated":true}]}}