{"id":80184,"date":"2020-08-24T15:47:20","date_gmt":"2020-08-24T13:47:20","guid":{"rendered":"https:\/\/luxury-rental-mc.com\/?p=80184"},"modified":"2020-08-24T15:48:54","modified_gmt":"2020-08-24T13:48:54","slug":"les-vehicules-electriques-et-hybrides","status":"publish","type":"post","link":"https:\/\/luxury-rental-mc.com\/fr\/les-vehicules-electriques-et-hybrides\/","title":{"rendered":"Les v\u00e9hicules \u00e9lectriques et hybrides"},"content":{"rendered":"<blockquote><p>\u00ab\u00a0\u00a0J\u2019ai r\u00e9ellement fait une pr\u00e9diction que dans moins de 30 ans, la majorit\u00e9 des voitures neuves fabriqu\u00e9es aux \u00c9tats-Unis sera \u00e9lectrique.\u00a0\u00bb Elon Musk.<\/p><\/blockquote>\n<p style=\"text-align: justify;\">Quoi de mieux qu\u2019une citation d\u2019Elon Musk, grand entrepreneur et patron de Tesla, r\u00e9f\u00e9rence du monde automobile \u00e9lectrique, pour commencer la pr\u00e9sentation de notre nouvelle flotte de v\u00e9hicules \u00e9lectriques et hybrides de luxe disponible \u00e0 la location ? Votre agence Mc Luxury Rental met \u00e0 votre disposition pour l\u2019ann\u00e9e 2020 une toute nouvelle gamme de v\u00e9hicules \u00e9lectriques et hybrides.<\/p>\n<p style=\"text-align: justify;\">Soucieux de l\u2019environnement, notre soci\u00e9t\u00e9 de <a href=\"https:\/\/luxury-rental-mc.com\/fr\">location de voiture de luxe<\/a> met un point d\u2019honneur \u00e0 proposer des <strong>v\u00e9hicules \u00e9lectriques<\/strong> et <strong>hybrides<\/strong>. Depuis quelques ann\u00e9es, les plus grandes marques automobiles adoptent elles aussi un <strong>comportement responsable<\/strong>. Vous pourrez trouver au sein de notre gamme <strong>\u00e9lectrique<\/strong> et <strong>hybride<\/strong> tous type de v\u00e9hicule pouvant correspondre \u00e0 votre demande.<\/p>\n<h2>Louer votre voiture \u00e9lectrique ou hybride \u00e0 Nice, Cannes ou Monaco<\/h2>\n<p style=\"text-align: justify;\">Vous pourrez <strong>louer la citadine \u00e9lectrique<\/strong> de vos r\u00eaves pour vous balader dans les petites rues du <strong>centre-ville de Nice<\/strong> ou pour pouvoir stationner facilement dans la ville de Cannes pour aller faire votre shopping <strong>pendant vos vacances<\/strong> ou vous rendre \u00e0 la plage. Dans cette gamme vous retrouverez les derni\u00e8res Smart cabriolet 100% \u00e9lectrique qui sont toutes options afin de vous fournir les v\u00e9hicules les plus luxueux possible. Nous vous proposerons \u00e9galement la magnifique <strong>Mini Cooper hybride<\/strong>, cette citadine vous permettra de <strong>profiter du soleil \u00e0 Monaco<\/strong> gr\u00e2ce \u00e0 sa version cabriolet et \u00e9galement du confort et du silence de sa luxueuse version <strong>100% \u00e9lectrique<\/strong>.<\/p>\n\n\t\t<style type=\"text\/css\">\n\t\t\t#gallery-1 {\n\t\t\t\tmargin: auto;\n\t\t\t}\n\t\t\t#gallery-1 .gallery-item {\n\t\t\t\tfloat: left;\n\t\t\t\tmargin-top: 10px;\n\t\t\t\ttext-align: center;\n\t\t\t\twidth: 50%;\n\t\t\t}\n\t\t\t#gallery-1 img {\n\t\t\t\tborder: 2px solid #cfcfcf;\n\t\t\t}\n\t\t\t#gallery-1 .gallery-caption {\n\t\t\t\tmargin-left: 0;\n\t\t\t}\n\t\t\t\/* see gallery_shortcode() in wp-includes\/media.php *\/\n\t\t<\/style>\n\t\t<div id='gallery-1' class='gallery galleryid-80184 gallery-columns-2 gallery-size-medium'><dl class='gallery-item'>\n\t\t\t<dt class='gallery-icon landscape'>\n\t\t\t\t<a href='https:\/\/luxury-rental-mc.com\/wp-content\/uploads\/2020\/08\/pexels-burak-k-86993-min-scaled.jpg'><img width=\"300\" height=\"300\" src=\"https:\/\/luxury-rental-mc.com\/wp-content\/uploads\/2020\/08\/pexels-burak-k-86993-min-300x300.jpg\" class=\"attachment-medium size-medium\" alt=\"\" loading=\"lazy\" srcset=\"https:\/\/luxury-rental-mc.com\/wp-content\/uploads\/2020\/08\/pexels-burak-k-86993-min-300x300.jpg 300w, https:\/\/luxury-rental-mc.com\/wp-content\/uploads\/2020\/08\/pexels-burak-k-86993-min-1024x1024.jpg 1024w, https:\/\/luxury-rental-mc.com\/wp-content\/uploads\/2020\/08\/pexels-burak-k-86993-min-150x150.jpg 150w, https:\/\/luxury-rental-mc.com\/wp-content\/uploads\/2020\/08\/pexels-burak-k-86993-min-768x768.jpg 768w, https:\/\/luxury-rental-mc.com\/wp-content\/uploads\/2020\/08\/pexels-burak-k-86993-min-1536x1536.jpg 1536w, https:\/\/luxury-rental-mc.com\/wp-content\/uploads\/2020\/08\/pexels-burak-k-86993-min-2048x2048.jpg 2048w\" sizes=\"(max-width: 300px) 100vw, 300px\" itemprop=\"image\" \/><\/a>\n\t\t\t<\/dt><\/dl><dl class='gallery-item'>\n\t\t\t<dt class='gallery-icon portrait'>\n\t\t\t\t<a href='https:\/\/luxury-rental-mc.com\/wp-content\/uploads\/2020\/08\/preview16-min.jpg'><img width=\"283\" height=\"300\" src=\"https:\/\/luxury-rental-mc.com\/wp-content\/uploads\/2020\/08\/preview16-min-283x300.jpg\" class=\"attachment-medium size-medium\" alt=\"\" loading=\"lazy\" srcset=\"https:\/\/luxury-rental-mc.com\/wp-content\/uploads\/2020\/08\/preview16-min-283x300.jpg 283w, https:\/\/luxury-rental-mc.com\/wp-content\/uploads\/2020\/08\/preview16-min.jpg 735w\" sizes=\"(max-width: 283px) 100vw, 283px\" itemprop=\"image\" \/><\/a>\n\t\t\t<\/dt><\/dl><br style=\"clear: both\" \/>\n\t\t<\/div>\n\n<h3>SUV et 4&#215;4 hybride pour vos week ends en pleine nature !<\/h3>\n<p style=\"text-align: justify;\">Nous pouvons \u00e9galement vous proposer \u00e0 la location une gamme de <strong>SUV et 4&#215;4 hybride<\/strong> pour que vous puissiez profiter de vos vacances en famille de mani\u00e8re \u00e9cologique tout en conservant le luxe et le <strong>confort des v\u00e9hicules<\/strong> que nous avons l\u2019habitude de proposer \u00e0 louer. Opter pour la marque de r\u00e9f\u00e9rence chez les 4&#215;4 et <strong>SUV<\/strong> avec <strong>Land Rover<\/strong>, le temps d\u2019un weekend ou d\u2019une semaine comme vous le souhaitez nous mettrons \u00e0 votre disposition le nouveau <strong>Range Rover Sport<\/strong> <strong>P400 hybride<\/strong> qui vous permettra de profiter du silence et du confort de l\u2019<strong>\u00e9lectrique<\/strong> tout en conservant l\u2019autonomie et la sportivit\u00e9 du moteur essence. Vous avez de nombreux bagages et vos vacances vont durer plus d\u2019une semaine ? Peu importe la dur\u00e9e de la location, nous pourrons vous louer le Range Rover Vogue hybride que vos vacances se passent en France dans la <strong>capitale parisienne<\/strong> ou \u00e0 <strong>Barcelone<\/strong> peu importe, nous pourrons vous livrer ce SUV de luxe dans la ville europ\u00e9enne de votre choix devant votre h\u00f4tel ou votre villa de prestige. Pour vous balader sur les routes de la c\u00f4te d\u2019azur avec vos amis ou votre famille optez pour la marque de r\u00e9f\u00e9rence de l\u2019automobile \u00e9lectrique avec le SUV autonome, le luxueux model X de Tesla ou pr\u00e9f\u00e9rez la marque aux quatre anneaux avec son tout premier <strong>SUV 100% \u00e9lectrique l\u2019Audi E-tron<\/strong> disponible \u00e0 la location courte ou longue dur\u00e9e chez <strong>Mc Luxury Rental<\/strong>.<\/p>\n<p style=\"text-align: justify;\">Pour profiter d\u2019un v\u00e9hicule confortable le temps d\u2019un weekend en amoureux \u00e0 Saint-Tropez vous pr\u00e9f\u00e9rerez probablement profiter de notre gamme de berline. Tesla omnipr\u00e9sent dans ce type de v\u00e9hicule, vous propose sa luxueuse mod\u00e8le S disponible \u00e0 la location dans nos agences europ\u00e9ennes. Mais les marques allemandes poursuivent \u00e9galement la tendance \u00e9cologique o\u00f9 vous pourrez profiter de la gamme hybride e-tron de chez Audi d\u00e9velopp\u00e9 sur ses diff\u00e9rents mod\u00e8les comme la A3 par exemple ou encore la classe E de chez Mercedes disponible \u00e0 la location.<\/p>\n<h3>Location de voiture sportive mais \u00e9lectrique !<\/h3>\n<p style=\"text-align: justify;\">Nous mettrons \u00e9galement \u00e0 votre disposition une <strong>gamme de v\u00e9hicule sportif<\/strong>. Vous pourrez alors louer chez <strong>MC Luxury Rental<\/strong> des voitures tr\u00e8s puissante vous permettant de rouler \u00e0 toute vitesse tout en respectant l\u2019environnement et dans le plus grand des silences. Louez la <strong>Tesla roadster<\/strong> pour abattre le 0 \u00e0 100 km\/h en moins de 2 secondes quand une <a href=\"https:\/\/luxury-rental-mc.com\/fr\/location-voiture\/bugatti-chiron\"><strong>Bugatti Chiron<\/strong><\/a> le fait en 2,4 secondes. Sa vitesse de pointe de 400 km\/h est vite atteinte et vous pourrez profiter du soleil azur\u00e9en de la meilleure des mani\u00e8re.<\/p>\n<p style=\"text-align: justify;\">Le <strong>constructeur BMW<\/strong> a m\u00eame tent\u00e9 un pari audacieux en d\u00e9veloppant une voiture de sport \u00e9lectrique : la <strong>BMW i8<\/strong>. Le temps d\u2019un weekend ou d\u2019une semaine, les <strong>portes papillon<\/strong> de la BMW i8 ne vous ferons pas passer inaper\u00e7u lorsque vous prendrez place dans ce v\u00e9hicule de luxe. Pour les fans de Porsche, nous pensons toujours \u00e0 vous, c\u2019est pourquoi vous trouverez la derni\u00e8re <strong>Taycan<\/strong>, premier mod\u00e8le \u00e9lectrique de la marque, cette voiture de sport vous impressionnera par sa puissance et son exp\u00e9rience de conduite incroyable sur les routes de la C\u00f4te d\u2019Azur.<\/p>\n<h3>Tesla le leader de l&rsquo;\u00e9lectrique<\/h3>\n<p style=\"text-align: justify;\"><strong>Tesla<\/strong>, <strong>leader mondial du march\u00e9 de l\u2019automobile \u00e9lectrique<\/strong>, a cr\u00e9\u00e9 un <strong>Supercharger de 250kW<\/strong> capable de recharger une <strong>Model X<\/strong> ou une <strong>Modele S<\/strong> en seulement 16 minutes ! Dot\u00e9s de chargeur type 2 ou 3, nos v\u00e9hicules permettent une charge rapide. Gr\u00e2ce aux prises domestiques, vous b\u00e9n\u00e9ficiez de la recharge totalement gratuite dans les parkings de la <strong>Principaut\u00e9 de Monaco<\/strong>. Pour finir, de nombreux v\u00e9hicules propres sont disponibles \u00e0 la location et permettront de satisfaire chacun d\u2019entre vous. Gr\u00e2ce \u00e0 nos <strong>services sur mesure<\/strong>, louez une <strong>voiture \u00e9lectrique<\/strong> ou <strong>hybride<\/strong> en aller simple.<\/p>\n<p><a href=\"https:\/\/luxury-rental-mc.com\/wp-content\/uploads\/2020\/08\/pexels-chad-russell-2480315-min-scaled.jpg\"><img loading=\"lazy\" class=\"aligncenter  wp-image-80191\" src=\"https:\/\/luxury-rental-mc.com\/wp-content\/uploads\/2020\/08\/pexels-chad-russell-2480315-min-scaled-1024x768.jpg\" alt=\"\" width=\"619\" height=\"464\" srcset=\"https:\/\/luxury-rental-mc.com\/wp-content\/uploads\/2020\/08\/pexels-chad-russell-2480315-min-scaled-1024x768.jpg 1024w, https:\/\/luxury-rental-mc.com\/wp-content\/uploads\/2020\/08\/pexels-chad-russell-2480315-min-scaled-300x225.jpg 300w, https:\/\/luxury-rental-mc.com\/wp-content\/uploads\/2020\/08\/pexels-chad-russell-2480315-min-768x576.jpg 768w\" sizes=\"(max-width: 619px) 100vw, 619px\" \/><\/a><\/p>\n<p style=\"text-align: justify;\">Depuis l\u2019a\u00e9roport de Nice C\u00f4te d\u2019Azur vers l\u2019a\u00e9roport de Hy\u00e8res-Toulon, ou encore au d\u00e9part du Port de Cannes vers le Port de Saint Tropez.<\/p>\n","protected":false},"excerpt":{"rendered":"<p>\u00ab\u00a0\u00a0J\u2019ai r\u00e9ellement fait une pr\u00e9diction que dans moins de 30 ans, la majorit\u00e9 des voitures neuves fabriqu\u00e9es aux \u00c9tats-Unis sera \u00e9lectrique.\u00a0\u00bb Elon Musk. Quoi de mieux qu\u2019une citation d\u2019Elon Musk, grand entrepreneur et patron de Tesla, r\u00e9f\u00e9rence du monde automobile \u00e9lectrique, pour commencer la pr\u00e9sentation de notre nouvelle flotte de v\u00e9hicules \u00e9lectriques et hybrides de [&hellip;]<\/p>\n","protected":false},"author":1,"featured_media":80187,"comment_status":"closed","ping_status":"closed","sticky":false,"template":"","format":"standard","meta":{"_monsterinsights_skip_tracking":false,"_monsterinsights_sitenote_active":false,"_monsterinsights_sitenote_note":"","_monsterinsights_sitenote_category":0},"categories":[166],"tags":[],"yoast_head":"<!-- This site is optimized with the Yoast SEO plugin v20.3 - https:\/\/yoast.com\/wordpress\/plugins\/seo\/ -->\n<title>Les v\u00e9hicules \u00e9lectriques et hybrides - Luxury Car Rentals | Monaco, Nice, Cannes, Saint-Tropez<\/title>\n<meta name=\"robots\" content=\"index, follow, max-snippet:-1, max-image-preview:large, max-video-preview:-1\" \/>\n<link rel=\"canonical\" href=\"https:\/\/luxury-rental-mc.com\/fr\/les-vehicules-electriques-et-hybrides\/\" \/>\n<meta property=\"og:locale\" content=\"fr_FR\" \/>\n<meta property=\"og:type\" content=\"article\" \/>\n<meta property=\"og:title\" content=\"Les v\u00e9hicules \u00e9lectriques et hybrides - Luxury Car Rentals | Monaco, Nice, Cannes, Saint-Tropez\" \/>\n<meta property=\"og:description\" content=\"\u00ab\u00a0\u00a0J\u2019ai r\u00e9ellement fait une pr\u00e9diction que dans moins de 30 ans, la majorit\u00e9 des voitures neuves fabriqu\u00e9es aux \u00c9tats-Unis sera \u00e9lectrique.\u00a0\u00bb Elon Musk. Quoi de mieux qu\u2019une citation d\u2019Elon Musk, grand entrepreneur et patron de Tesla, r\u00e9f\u00e9rence du monde automobile \u00e9lectrique, pour commencer la pr\u00e9sentation de notre nouvelle flotte de v\u00e9hicules \u00e9lectriques et hybrides de [&hellip;]\" \/>\n<meta property=\"og:url\" content=\"https:\/\/luxury-rental-mc.com\/fr\/les-vehicules-electriques-et-hybrides\/\" \/>\n<meta property=\"og:site_name\" content=\"Luxury Car Rentals | Monaco, Nice, Cannes, Saint-Tropez\" \/>\n<meta property=\"article:published_time\" content=\"2020-08-24T13:47:20+00:00\" \/>\n<meta property=\"article:modified_time\" content=\"2020-08-24T13:48:54+00:00\" \/>\n<meta property=\"og:image\" content=\"https:\/\/luxury-rental-mc.com\/wp-content\/uploads\/2020\/08\/pexels-roberto-nickson-2526127-min-scaled.jpg\" \/>\n\t<meta property=\"og:image:width\" content=\"1707\" \/>\n\t<meta property=\"og:image:height\" content=\"2560\" \/>\n\t<meta property=\"og:image:type\" content=\"image\/jpeg\" \/>\n<meta name=\"author\" content=\"Luxury Car Rental\" \/>\n<meta name=\"twitter:label1\" content=\"\u00c9crit par\" \/>\n\t<meta name=\"twitter:data1\" content=\"Luxury Car Rental\" \/>\n\t<meta name=\"twitter:label2\" content=\"Dur\u00e9e de lecture estim\u00e9e\" \/>\n\t<meta name=\"twitter:data2\" content=\"5 minutes\" \/>\n<script type=\"application\/ld+json\" class=\"yoast-schema-graph\">{\"@context\":\"https:\/\/schema.org\",\"@graph\":[{\"@type\":\"WebPage\",\"@id\":\"https:\/\/luxury-rental-mc.com\/fr\/les-vehicules-electriques-et-hybrides\/\",\"url\":\"https:\/\/luxury-rental-mc.com\/fr\/les-vehicules-electriques-et-hybrides\/\",\"name\":\"Les v\u00e9hicules \u00e9lectriques et hybrides - Luxury Car Rentals | Monaco, Nice, Cannes, Saint-Tropez\",\"isPartOf\":{\"@id\":\"https:\/\/luxury-rental-mc.com\/#website\"},\"datePublished\":\"2020-08-24T13:47:20+00:00\",\"dateModified\":\"2020-08-24T13:48:54+00:00\",\"author\":{\"@id\":\"https:\/\/luxury-rental-mc.com\/#\/schema\/person\/b089261fe5634f63add1129ded53d6f5\"},\"breadcrumb\":{\"@id\":\"https:\/\/luxury-rental-mc.com\/fr\/les-vehicules-electriques-et-hybrides\/#breadcrumb\"},\"inLanguage\":\"fr-FR\",\"potentialAction\":[{\"@type\":\"ReadAction\",\"target\":[\"https:\/\/luxury-rental-mc.com\/fr\/les-vehicules-electriques-et-hybrides\/\"]}]},{\"@type\":\"BreadcrumbList\",\"@id\":\"https:\/\/luxury-rental-mc.com\/fr\/les-vehicules-electriques-et-hybrides\/#breadcrumb\",\"itemListElement\":[{\"@type\":\"ListItem\",\"position\":1,\"name\":\"Accueil\",\"item\":\"https:\/\/luxury-rental-mc.com\/fr\/\"},{\"@type\":\"ListItem\",\"position\":2,\"name\":\"Les v\u00e9hicules \u00e9lectriques et hybrides\"}]},{\"@type\":\"WebSite\",\"@id\":\"https:\/\/luxury-rental-mc.com\/#website\",\"url\":\"https:\/\/luxury-rental-mc.com\/\",\"name\":\"Luxury Car Rentals | Monaco, Nice, Cannes, Saint-Tropez\",\"description\":\"Rent the finest brands : Porsche, Ferrari, Lamborghini, Mercedes...\",\"potentialAction\":[{\"@type\":\"SearchAction\",\"target\":{\"@type\":\"EntryPoint\",\"urlTemplate\":\"https:\/\/luxury-rental-mc.com\/?s={search_term_string}\"},\"query-input\":\"required name=search_term_string\"}],\"inLanguage\":\"fr-FR\"},{\"@type\":\"Person\",\"@id\":\"https:\/\/luxury-rental-mc.com\/#\/schema\/person\/b089261fe5634f63add1129ded53d6f5\",\"name\":\"Luxury Car Rental\",\"url\":\"https:\/\/luxury-rental-mc.com\/fr\/author\/admin\/\"}]}<\/script>\n<!-- \/ Yoast SEO plugin. -->","yoast_head_json":{"title":"Les v\u00e9hicules \u00e9lectriques et hybrides - Luxury Car Rentals | Monaco, Nice, Cannes, Saint-Tropez","robots":{"index":"index","follow":"follow","max-snippet":"max-snippet:-1","max-image-preview":"max-image-preview:large","max-video-preview":"max-video-preview:-1"},"canonical":"https:\/\/luxury-rental-mc.com\/fr\/les-vehicules-electriques-et-hybrides\/","og_locale":"fr_FR","og_type":"article","og_title":"Les v\u00e9hicules \u00e9lectriques et hybrides - Luxury Car Rentals | Monaco, Nice, Cannes, Saint-Tropez","og_description":"\u00ab\u00a0\u00a0J\u2019ai r\u00e9ellement fait une pr\u00e9diction que dans moins de 30 ans, la majorit\u00e9 des voitures neuves fabriqu\u00e9es aux \u00c9tats-Unis sera \u00e9lectrique.\u00a0\u00bb Elon Musk. Quoi de mieux qu\u2019une citation d\u2019Elon Musk, grand entrepreneur et patron de Tesla, r\u00e9f\u00e9rence du monde automobile \u00e9lectrique, pour commencer la pr\u00e9sentation de notre nouvelle flotte de v\u00e9hicules \u00e9lectriques et hybrides de [&hellip;]","og_url":"https:\/\/luxury-rental-mc.com\/fr\/les-vehicules-electriques-et-hybrides\/","og_site_name":"Luxury Car Rentals | Monaco, Nice, Cannes, Saint-Tropez","article_published_time":"2020-08-24T13:47:20+00:00","article_modified_time":"2020-08-24T13:48:54+00:00","og_image":[{"width":1707,"height":2560,"url":"https:\/\/luxury-rental-mc.com\/wp-content\/uploads\/2020\/08\/pexels-roberto-nickson-2526127-min-scaled.jpg","type":"image\/jpeg"}],"author":"Luxury Car Rental","twitter_misc":{"\u00c9crit par":"Luxury Car Rental","Dur\u00e9e de lecture estim\u00e9e":"5 minutes"},"schema":{"@context":"https:\/\/schema.org","@graph":[{"@type":"WebPage","@id":"https:\/\/luxury-rental-mc.com\/fr\/les-vehicules-electriques-et-hybrides\/","url":"https:\/\/luxury-rental-mc.com\/fr\/les-vehicules-electriques-et-hybrides\/","name":"Les v\u00e9hicules \u00e9lectriques et hybrides - Luxury Car Rentals | Monaco, Nice, Cannes, Saint-Tropez","isPartOf":{"@id":"https:\/\/luxury-rental-mc.com\/#website"},"datePublished":"2020-08-24T13:47:20+00:00","dateModified":"2020-08-24T13:48:54+00:00","author":{"@id":"https:\/\/luxury-rental-mc.com\/#\/schema\/person\/b089261fe5634f63add1129ded53d6f5"},"breadcrumb":{"@id":"https:\/\/luxury-rental-mc.com\/fr\/les-vehicules-electriques-et-hybrides\/#breadcrumb"},"inLanguage":"fr-FR","potentialAction":[{"@type":"ReadAction","target":["https:\/\/luxury-rental-mc.com\/fr\/les-vehicules-electriques-et-hybrides\/"]}]},{"@type":"BreadcrumbList","@id":"https:\/\/luxury-rental-mc.com\/fr\/les-vehicules-electriques-et-hybrides\/#breadcrumb","itemListElement":[{"@type":"ListItem","position":1,"name":"Accueil","item":"https:\/\/luxury-rental-mc.com\/fr\/"},{"@type":"ListItem","position":2,"name":"Les v\u00e9hicules \u00e9lectriques et hybrides"}]},{"@type":"WebSite","@id":"https:\/\/luxury-rental-mc.com\/#website","url":"https:\/\/luxury-rental-mc.com\/","name":"Luxury Car Rentals | Monaco, Nice, Cannes, Saint-Tropez","description":"Rent the finest brands : Porsche, Ferrari, Lamborghini, Mercedes...","potentialAction":[{"@type":"SearchAction","target":{"@type":"EntryPoint","urlTemplate":"https:\/\/luxury-rental-mc.com\/?s={search_term_string}"},"query-input":"required name=search_term_string"}],"inLanguage":"fr-FR"},{"@type":"Person","@id":"https:\/\/luxury-rental-mc.com\/#\/schema\/person\/b089261fe5634f63add1129ded53d6f5","name":"Luxury Car Rental","url":"https:\/\/luxury-rental-mc.com\/fr\/author\/admin\/"}]}},"_links":{"self":[{"href":"https:\/\/luxury-rental-mc.com\/fr\/wp-json\/wp\/v2\/posts\/80184\/"}],"collection":[{"href":"https:\/\/luxury-rental-mc.com\/fr\/wp-json\/wp\/v2\/posts\/"}],"about":[{"href":"https:\/\/luxury-rental-mc.com\/fr\/wp-json\/wp\/v2\/types\/post\/"}],"author":[{"embeddable":true,"href":"https:\/\/luxury-rental-mc.com\/fr\/wp-json\/wp\/v2\/users\/1\/"}],"replies":[{"embeddable":true,"href":"https:\/\/luxury-rental-mc.com\/fr\/wp-json\/wp\/v2\/comments\/?post=80184"}],"version-history":[{"count":3,"href":"https:\/\/luxury-rental-mc.com\/fr\/wp-json\/wp\/v2\/posts\/80184\/revisions\/"}],"predecessor-version":[{"id":80195,"href":"https:\/\/luxury-rental-mc.com\/fr\/wp-json\/wp\/v2\/posts\/80184\/revisions\/80195\/"}],"wp:featuredmedia":[{"embeddable":true,"href":"https:\/\/luxury-rental-mc.com\/fr\/wp-json\/wp\/v2\/media\/80187\/"}],"wp:attachment":[{"href":"https:\/\/luxury-rental-mc.com\/fr\/wp-json\/wp\/v2\/media\/?parent=80184"}],"wp:term":[{"taxonomy":"category","embeddable":true,"href":"https:\/\/luxury-rental-mc.com\/fr\/wp-json\/wp\/v2\/categories\/?post=80184"},{"taxonomy":"post_tag","embeddable":true,"href":"https:\/\/luxury-rental-mc.com\/fr\/wp-json\/wp\/v2\/tags\/?post=80184"}],"curies":[{"name":"wp","href":"https:\/\/api.w.org\/{rel}","templated":true}]}}