{"id":80237,"date":"2020-12-19T13:53:48","date_gmt":"2020-12-19T12:53:48","guid":{"rendered":"https:\/\/luxury-rental-mc.com\/non-classifiee\/mc-luxury-rental-stays-by-your-side-during-the-winter-season-2020"},"modified":"2020-12-19T13:56:07","modified_gmt":"2020-12-19T12:56:07","slug":"mc-luxury-rental-reste-a-vos-cotes-durant-la-saison-dhiver-2020-mc-luxury-rental-reste-a-vos-cotes-durant-la-saison-dhiver-2020","status":"publish","type":"post","link":"https:\/\/luxury-rental-mc.com\/fr\/mc-luxury-rental-reste-a-vos-cotes-durant-la-saison-dhiver-2020-mc-luxury-rental-reste-a-vos-cotes-durant-la-saison-dhiver-2020\/","title":{"rendered":"MC LUXURY RENTAL reste \u00e0 vos c\u00f4t\u00e9s durant la saison d\u2019hiver 2020"},"content":{"rendered":"<p style=\"text-align: justify;\">Soyez rassur\u00e9s, en cette p\u00e9riode difficile, notre \u00e9quipe se mobilise pour votre <strong>bien-<\/strong><strong>\u00ea<\/strong><strong>tre<\/strong> et votre <strong>s<\/strong><strong>\u00e9<\/strong><strong>curit<\/strong><strong>\u00e9<\/strong>. Malgr\u00e9 la pand\u00e9mie mondiale, les d\u00e9placements n\u00e9cessaires se doivent de continuer. C\u2019est pour cette raison que notre <strong>soci\u00e9<\/strong><strong>t<\/strong><strong>\u00e9 de location de v\u00e9<\/strong><strong>hicules<\/strong> premium et de luxe subvient \u00e0 vos besoins <strong>dans toute l<\/strong><strong>\u2019Europe<\/strong>.<\/p>\n<p style=\"text-align: justify;\">Habituellement, nos normes d\u2019hygi\u00e8ne sont d\u00e9j\u00e0 \u00e9lev\u00e9es. Cependant, afin de minimiser le risque de transmission du virus COVID-19, MC Luxury Rental a renforc\u00e9 le processus de nettoyage :<\/p>\n<ul style=\"text-align: justify;\">\n<li>Tous nos collaborateurs portent des masques de protection<\/li>\n<li>Les produits utilis\u00e9s sont d\u00e9sinfectants \u00e0 99%.<\/li>\n<li>A\u00e9ration des v\u00e9hicules durant 24h entre chaque location<\/li>\n<li>Possibilit\u00e9 de livraison du v\u00e9hicule sans contact <strong>partout en Europe<\/strong><\/li>\n<\/ul>\n<p style=\"text-align: justify;\">En tant qu\u2019acteur majeur de la location sur mesure depuis 2010, il est de notre devoir de mettre en place toutes les mesures pr\u00e9ventives au sein de nos <strong>agences de location de voitures<\/strong>. En raison des restrictions de voyages, notre politique d\u2019annulation est plus flexible afin de s\u2019adapter aux changements quotidiens.<\/p>\n<h2 style=\"text-align: justify;\">Cet \u00e9t\u00e9 2020, comme chaque ann\u00e9e, MC Luxury Rental vous a accompagn\u00e9 lors de tous vos <strong>voyages en France et \u00e0 <\/strong><strong>l<\/strong><strong>\u2019\u00e9tranger<\/strong>.<\/h2>\n<p style=\"text-align: justify;\">Notre flotte d\u2019automobiles de prestige vous a offert des balades en Porsche 992 S cabriolet entre <strong>Monaco<\/strong> et Saint Tropez, des roads trip en famille de Paris \u00e0 St Remy de Provence au volant d\u2019un <a href=\"https:\/\/luxury-rental-mc.com\/fr\/location-voiture\/range-rover-vogue\">Range Rover Vogue<\/a>. Certes, les r\u00e8gles d\u2019hygi\u00e8ne sont renforc\u00e9es, mais notre <strong>service de qualit\u00e9<\/strong> est rest\u00e9 identique, \u00e0 la hauteur de vos esp\u00e9rances : v\u00e9hicules neufs, chauffeur ponctuel, service sur mesure, location en aller simple\u2026<\/p>\n<h2 style=\"text-align: justify;\">Cet hiver, nos chauffeurs seront \u00e9galement disponibles pour vous accompagner dans les <strong>stations de ski<\/strong>.<\/h2>\n<p style=\"text-align: justify;\">Pour assurer votre confort et s\u00e9curit\u00e9, nos luxueux <strong>v<\/strong><strong>\u00e9hicules de location<\/strong> sont \u00e9quip\u00e9s de 4 roues motrices et de pneus \u00ab\u00a0neige\u00a0\u00bb.<\/p>\n<p style=\"text-align: justify;\">Une location en aller simple ? Nous serons heureux de vous accueillir \u00e0 l\u2019<a href=\"https:\/\/luxury-rental-mc.com\/fr\/location-voiture-luxe\/autres-villes\/location-geneve\">a\u00e9roport de Gen\u00e8ve<\/a>, \u00e0 l\u2019arriv\u00e9 de votre <a href=\"https:\/\/luxury-rental-mc.com\/fr\/location-jets-prives\">jet priv\u00e9<\/a>, pour la livraison de votre SUV de location, puis pour le retour sur mesure, notre chauffeur vous retrouvera \u00e0 votre h\u00f4tel \u00e0 Courchevel 1850 ou encore dans votre chalet \u00e0 Meg\u00e8ve.<\/p>\n<h2 style=\"text-align: justify;\">Et si le contexte actuel nous faisait changer nos habitudes ? Passons \u00e0 l\u2019\u00e9lectrique !<\/h2>\n<p><a href=\"https:\/\/luxury-rental-mc.com\/wp-content\/uploads\/2020\/12\/charger-2377021_1920.jpeg\"><img loading=\"lazy\" class=\"aligncenter size-full wp-image-80233\" src=\"https:\/\/luxury-rental-mc.com\/wp-content\/uploads\/2020\/12\/charger-2377021_1920.jpeg\" alt=\"\" width=\"640\" height=\"360\" srcset=\"https:\/\/luxury-rental-mc.com\/wp-content\/uploads\/2020\/12\/charger-2377021_1920.jpeg 640w, https:\/\/luxury-rental-mc.com\/wp-content\/uploads\/2020\/12\/charger-2377021_1920-300x169.jpeg 300w\" sizes=\"(max-width: 640px) 100vw, 640px\" \/><\/a><\/p>\n<p style=\"text-align: justify;\">La <a href=\"https:\/\/luxury-rental-mc.com\/fr\/location-voiture-luxe\/monaco\">Principaut\u00e9 de Monaco<\/a> \u00e9tant pionni\u00e8re des <strong>voitures \u00e9lectriques<\/strong>, notre \u00e9quipe est aussi engag\u00e9e pour la <strong>cause <\/strong><strong>\u00e9cologique<\/strong>. MC Luxury Rental a d\u00e9j\u00e0 r\u00e9duit son impact carbone en \u00e9quipant ses salari\u00e9s de Smart Fortwo EQ, rempla\u00e7ant les v\u00e9hicules thermiques qui \u00e9taient anciennement mis \u00e0 leur disposition.<\/p>\n<p style=\"text-align: justify;\">Aujourd\u2019hui, l\u2019ensemble des constructeurs proposent une <strong>gamme de voiture \u00e9lectrique<\/strong> dot\u00e9e des meilleures technologies. D\u00e9sireux de changer pour l\u2019\u00e9lectrique ? Pour essayer la voiture \u00e9lectrique de vos souhaits, louez une citadine comme la Mini Cooper SE. Les 4&#215;4 s\u2019y mettent aussi : Audi e-Tron ou Mercedes EQC. Pour les plus aventureux, nous proposons la Porsche Taycan \u00e0 la location.<\/p>\n<h3 style=\"text-align: justify;\"><strong><u>Location de voitures pour les professionnels<\/u><\/strong><\/h3>\n<p style=\"text-align: justify;\">La location de voiture est d\u2019autant plus importante lors de vos d\u00e9placements professionnels. Lorsque l\u2019on travaille \u00e0 l\u2019<strong>international<\/strong>, certains rendez vous d\u2019affaires ne peuvent \u00eatre report\u00e9s ou effectu\u00e9s \u00e0 distance et nous en avons grandement conscience. C\u2019est pour cela que nous mettons \u00e0 votre disposition des v\u00e9hicules premi\u00e8re classe, offrant un grand confort de route. Ainsi, laissez le volant \u00e0 votre <strong>chauffeur priv\u00e9<\/strong> et profitez des temps de trajet pour travailler \u00e0 l\u2019arri\u00e8re d\u2019une Mercedes Classe S. En petit comit\u00e9 ? Prenez la route en van Mercedes Benz Classe V avec vos collaborateurs.<\/p>\n","protected":false},"excerpt":{"rendered":"<p>Soyez rassur\u00e9s, en cette p\u00e9riode difficile, notre \u00e9quipe se mobilise pour votre bien-\u00eatre et votre s\u00e9curit\u00e9. Malgr\u00e9 la pand\u00e9mie mondiale, les d\u00e9placements n\u00e9cessaires se doivent de continuer. C\u2019est pour cette raison que notre soci\u00e9t\u00e9 de location de v\u00e9hicules premium et de luxe subvient \u00e0 vos besoins dans toute l\u2019Europe. Habituellement, nos normes d\u2019hygi\u00e8ne sont d\u00e9j\u00e0 [&hellip;]<\/p>\n","protected":false},"author":1,"featured_media":80235,"comment_status":"closed","ping_status":"closed","sticky":false,"template":"","format":"standard","meta":{"_monsterinsights_skip_tracking":false,"_monsterinsights_sitenote_active":false,"_monsterinsights_sitenote_note":"","_monsterinsights_sitenote_category":0},"categories":[164],"tags":[],"yoast_head":"<!-- This site is optimized with the Yoast SEO plugin v20.3 - https:\/\/yoast.com\/wordpress\/plugins\/seo\/ -->\n<title>MC LUXURY RENTAL reste \u00e0 vos c\u00f4t\u00e9s durant la saison d\u2019hiver 2020 - Luxury Car Rentals | Monaco, Nice, Cannes, Saint-Tropez<\/title>\n<meta name=\"robots\" content=\"index, follow, max-snippet:-1, max-image-preview:large, max-video-preview:-1\" \/>\n<link rel=\"canonical\" href=\"https:\/\/luxury-rental-mc.com\/fr\/mc-luxury-rental-reste-a-vos-cotes-durant-la-saison-dhiver-2020-mc-luxury-rental-reste-a-vos-cotes-durant-la-saison-dhiver-2020\/\" \/>\n<meta property=\"og:locale\" content=\"fr_FR\" \/>\n<meta property=\"og:type\" content=\"article\" \/>\n<meta property=\"og:title\" content=\"MC LUXURY RENTAL reste \u00e0 vos c\u00f4t\u00e9s durant la saison d\u2019hiver 2020 - Luxury Car Rentals | Monaco, Nice, Cannes, Saint-Tropez\" \/>\n<meta property=\"og:description\" content=\"Soyez rassur\u00e9s, en cette p\u00e9riode difficile, notre \u00e9quipe se mobilise pour votre bien-\u00eatre et votre s\u00e9curit\u00e9. Malgr\u00e9 la pand\u00e9mie mondiale, les d\u00e9placements n\u00e9cessaires se doivent de continuer. C\u2019est pour cette raison que notre soci\u00e9t\u00e9 de location de v\u00e9hicules premium et de luxe subvient \u00e0 vos besoins dans toute l\u2019Europe. Habituellement, nos normes d\u2019hygi\u00e8ne sont d\u00e9j\u00e0 [&hellip;]\" \/>\n<meta property=\"og:url\" content=\"https:\/\/luxury-rental-mc.com\/fr\/mc-luxury-rental-reste-a-vos-cotes-durant-la-saison-dhiver-2020-mc-luxury-rental-reste-a-vos-cotes-durant-la-saison-dhiver-2020\/\" \/>\n<meta property=\"og:site_name\" content=\"Luxury Car Rentals | Monaco, Nice, Cannes, Saint-Tropez\" \/>\n<meta property=\"article:published_time\" content=\"2020-12-19T12:53:48+00:00\" \/>\n<meta property=\"article:modified_time\" content=\"2020-12-19T12:56:07+00:00\" \/>\n<meta property=\"og:image\" content=\"https:\/\/luxury-rental-mc.com\/wp-content\/uploads\/2020\/12\/jeep-wrangler.jpeg\" \/>\n\t<meta property=\"og:image:width\" content=\"640\" \/>\n\t<meta property=\"og:image:height\" content=\"480\" \/>\n\t<meta property=\"og:image:type\" content=\"image\/jpeg\" \/>\n<meta name=\"author\" content=\"Luxury Car Rental\" \/>\n<meta name=\"twitter:label1\" content=\"\u00c9crit par\" \/>\n\t<meta name=\"twitter:data1\" content=\"Luxury Car Rental\" \/>\n\t<meta name=\"twitter:label2\" content=\"Dur\u00e9e de lecture estim\u00e9e\" \/>\n\t<meta name=\"twitter:data2\" content=\"3 minutes\" \/>\n<script type=\"application\/ld+json\" class=\"yoast-schema-graph\">{\"@context\":\"https:\/\/schema.org\",\"@graph\":[{\"@type\":\"WebPage\",\"@id\":\"https:\/\/luxury-rental-mc.com\/fr\/mc-luxury-rental-reste-a-vos-cotes-durant-la-saison-dhiver-2020-mc-luxury-rental-reste-a-vos-cotes-durant-la-saison-dhiver-2020\/\",\"url\":\"https:\/\/luxury-rental-mc.com\/fr\/mc-luxury-rental-reste-a-vos-cotes-durant-la-saison-dhiver-2020-mc-luxury-rental-reste-a-vos-cotes-durant-la-saison-dhiver-2020\/\",\"name\":\"MC LUXURY RENTAL reste \u00e0 vos c\u00f4t\u00e9s durant la saison d\u2019hiver 2020 - Luxury Car Rentals | Monaco, Nice, Cannes, Saint-Tropez\",\"isPartOf\":{\"@id\":\"https:\/\/luxury-rental-mc.com\/#website\"},\"datePublished\":\"2020-12-19T12:53:48+00:00\",\"dateModified\":\"2020-12-19T12:56:07+00:00\",\"author\":{\"@id\":\"https:\/\/luxury-rental-mc.com\/#\/schema\/person\/b089261fe5634f63add1129ded53d6f5\"},\"breadcrumb\":{\"@id\":\"https:\/\/luxury-rental-mc.com\/fr\/mc-luxury-rental-reste-a-vos-cotes-durant-la-saison-dhiver-2020-mc-luxury-rental-reste-a-vos-cotes-durant-la-saison-dhiver-2020\/#breadcrumb\"},\"inLanguage\":\"fr-FR\",\"potentialAction\":[{\"@type\":\"ReadAction\",\"target\":[\"https:\/\/luxury-rental-mc.com\/fr\/mc-luxury-rental-reste-a-vos-cotes-durant-la-saison-dhiver-2020-mc-luxury-rental-reste-a-vos-cotes-durant-la-saison-dhiver-2020\/\"]}]},{\"@type\":\"BreadcrumbList\",\"@id\":\"https:\/\/luxury-rental-mc.com\/fr\/mc-luxury-rental-reste-a-vos-cotes-durant-la-saison-dhiver-2020-mc-luxury-rental-reste-a-vos-cotes-durant-la-saison-dhiver-2020\/#breadcrumb\",\"itemListElement\":[{\"@type\":\"ListItem\",\"position\":1,\"name\":\"Accueil\",\"item\":\"https:\/\/luxury-rental-mc.com\/fr\/\"},{\"@type\":\"ListItem\",\"position\":2,\"name\":\"MC LUXURY RENTAL reste \u00e0 vos c\u00f4t\u00e9s durant la saison d\u2019hiver 2020\"}]},{\"@type\":\"WebSite\",\"@id\":\"https:\/\/luxury-rental-mc.com\/#website\",\"url\":\"https:\/\/luxury-rental-mc.com\/\",\"name\":\"Luxury Car Rentals | Monaco, Nice, Cannes, Saint-Tropez\",\"description\":\"Rent the finest brands : Porsche, Ferrari, Lamborghini, Mercedes...\",\"potentialAction\":[{\"@type\":\"SearchAction\",\"target\":{\"@type\":\"EntryPoint\",\"urlTemplate\":\"https:\/\/luxury-rental-mc.com\/?s={search_term_string}\"},\"query-input\":\"required name=search_term_string\"}],\"inLanguage\":\"fr-FR\"},{\"@type\":\"Person\",\"@id\":\"https:\/\/luxury-rental-mc.com\/#\/schema\/person\/b089261fe5634f63add1129ded53d6f5\",\"name\":\"Luxury Car Rental\",\"url\":\"https:\/\/luxury-rental-mc.com\/fr\/author\/admin\/\"}]}<\/script>\n<!-- \/ Yoast SEO plugin. -->","yoast_head_json":{"title":"MC LUXURY RENTAL reste \u00e0 vos c\u00f4t\u00e9s durant la saison d\u2019hiver 2020 - Luxury Car Rentals | Monaco, Nice, Cannes, Saint-Tropez","robots":{"index":"index","follow":"follow","max-snippet":"max-snippet:-1","max-image-preview":"max-image-preview:large","max-video-preview":"max-video-preview:-1"},"canonical":"https:\/\/luxury-rental-mc.com\/fr\/mc-luxury-rental-reste-a-vos-cotes-durant-la-saison-dhiver-2020-mc-luxury-rental-reste-a-vos-cotes-durant-la-saison-dhiver-2020\/","og_locale":"fr_FR","og_type":"article","og_title":"MC LUXURY RENTAL reste \u00e0 vos c\u00f4t\u00e9s durant la saison d\u2019hiver 2020 - Luxury Car Rentals | Monaco, Nice, Cannes, Saint-Tropez","og_description":"Soyez rassur\u00e9s, en cette p\u00e9riode difficile, notre \u00e9quipe se mobilise pour votre bien-\u00eatre et votre s\u00e9curit\u00e9. Malgr\u00e9 la pand\u00e9mie mondiale, les d\u00e9placements n\u00e9cessaires se doivent de continuer. C\u2019est pour cette raison que notre soci\u00e9t\u00e9 de location de v\u00e9hicules premium et de luxe subvient \u00e0 vos besoins dans toute l\u2019Europe. Habituellement, nos normes d\u2019hygi\u00e8ne sont d\u00e9j\u00e0 [&hellip;]","og_url":"https:\/\/luxury-rental-mc.com\/fr\/mc-luxury-rental-reste-a-vos-cotes-durant-la-saison-dhiver-2020-mc-luxury-rental-reste-a-vos-cotes-durant-la-saison-dhiver-2020\/","og_site_name":"Luxury Car Rentals | Monaco, Nice, Cannes, Saint-Tropez","article_published_time":"2020-12-19T12:53:48+00:00","article_modified_time":"2020-12-19T12:56:07+00:00","og_image":[{"width":640,"height":480,"url":"https:\/\/luxury-rental-mc.com\/wp-content\/uploads\/2020\/12\/jeep-wrangler.jpeg","type":"image\/jpeg"}],"author":"Luxury Car Rental","twitter_misc":{"\u00c9crit par":"Luxury Car Rental","Dur\u00e9e de lecture estim\u00e9e":"3 minutes"},"schema":{"@context":"https:\/\/schema.org","@graph":[{"@type":"WebPage","@id":"https:\/\/luxury-rental-mc.com\/fr\/mc-luxury-rental-reste-a-vos-cotes-durant-la-saison-dhiver-2020-mc-luxury-rental-reste-a-vos-cotes-durant-la-saison-dhiver-2020\/","url":"https:\/\/luxury-rental-mc.com\/fr\/mc-luxury-rental-reste-a-vos-cotes-durant-la-saison-dhiver-2020-mc-luxury-rental-reste-a-vos-cotes-durant-la-saison-dhiver-2020\/","name":"MC LUXURY RENTAL reste \u00e0 vos c\u00f4t\u00e9s durant la saison d\u2019hiver 2020 - Luxury Car Rentals | Monaco, Nice, Cannes, Saint-Tropez","isPartOf":{"@id":"https:\/\/luxury-rental-mc.com\/#website"},"datePublished":"2020-12-19T12:53:48+00:00","dateModified":"2020-12-19T12:56:07+00:00","author":{"@id":"https:\/\/luxury-rental-mc.com\/#\/schema\/person\/b089261fe5634f63add1129ded53d6f5"},"breadcrumb":{"@id":"https:\/\/luxury-rental-mc.com\/fr\/mc-luxury-rental-reste-a-vos-cotes-durant-la-saison-dhiver-2020-mc-luxury-rental-reste-a-vos-cotes-durant-la-saison-dhiver-2020\/#breadcrumb"},"inLanguage":"fr-FR","potentialAction":[{"@type":"ReadAction","target":["https:\/\/luxury-rental-mc.com\/fr\/mc-luxury-rental-reste-a-vos-cotes-durant-la-saison-dhiver-2020-mc-luxury-rental-reste-a-vos-cotes-durant-la-saison-dhiver-2020\/"]}]},{"@type":"BreadcrumbList","@id":"https:\/\/luxury-rental-mc.com\/fr\/mc-luxury-rental-reste-a-vos-cotes-durant-la-saison-dhiver-2020-mc-luxury-rental-reste-a-vos-cotes-durant-la-saison-dhiver-2020\/#breadcrumb","itemListElement":[{"@type":"ListItem","position":1,"name":"Accueil","item":"https:\/\/luxury-rental-mc.com\/fr\/"},{"@type":"ListItem","position":2,"name":"MC LUXURY RENTAL reste \u00e0 vos c\u00f4t\u00e9s durant la saison d\u2019hiver 2020"}]},{"@type":"WebSite","@id":"https:\/\/luxury-rental-mc.com\/#website","url":"https:\/\/luxury-rental-mc.com\/","name":"Luxury Car Rentals | Monaco, Nice, Cannes, Saint-Tropez","description":"Rent the finest brands : Porsche, Ferrari, Lamborghini, Mercedes...","potentialAction":[{"@type":"SearchAction","target":{"@type":"EntryPoint","urlTemplate":"https:\/\/luxury-rental-mc.com\/?s={search_term_string}"},"query-input":"required name=search_term_string"}],"inLanguage":"fr-FR"},{"@type":"Person","@id":"https:\/\/luxury-rental-mc.com\/#\/schema\/person\/b089261fe5634f63add1129ded53d6f5","name":"Luxury Car Rental","url":"https:\/\/luxury-rental-mc.com\/fr\/author\/admin\/"}]}},"_links":{"self":[{"href":"https:\/\/luxury-rental-mc.com\/fr\/wp-json\/wp\/v2\/posts\/80237\/"}],"collection":[{"href":"https:\/\/luxury-rental-mc.com\/fr\/wp-json\/wp\/v2\/posts\/"}],"about":[{"href":"https:\/\/luxury-rental-mc.com\/fr\/wp-json\/wp\/v2\/types\/post\/"}],"author":[{"embeddable":true,"href":"https:\/\/luxury-rental-mc.com\/fr\/wp-json\/wp\/v2\/users\/1\/"}],"replies":[{"embeddable":true,"href":"https:\/\/luxury-rental-mc.com\/fr\/wp-json\/wp\/v2\/comments\/?post=80237"}],"version-history":[{"count":2,"href":"https:\/\/luxury-rental-mc.com\/fr\/wp-json\/wp\/v2\/posts\/80237\/revisions\/"}],"predecessor-version":[{"id":80239,"href":"https:\/\/luxury-rental-mc.com\/fr\/wp-json\/wp\/v2\/posts\/80237\/revisions\/80239\/"}],"wp:featuredmedia":[{"embeddable":true,"href":"https:\/\/luxury-rental-mc.com\/fr\/wp-json\/wp\/v2\/media\/80235\/"}],"wp:attachment":[{"href":"https:\/\/luxury-rental-mc.com\/fr\/wp-json\/wp\/v2\/media\/?parent=80237"}],"wp:term":[{"taxonomy":"category","embeddable":true,"href":"https:\/\/luxury-rental-mc.com\/fr\/wp-json\/wp\/v2\/categories\/?post=80237"},{"taxonomy":"post_tag","embeddable":true,"href":"https:\/\/luxury-rental-mc.com\/fr\/wp-json\/wp\/v2\/tags\/?post=80237"}],"curies":[{"name":"wp","href":"https:\/\/api.w.org\/{rel}","templated":true}]}}